{"id":1373,"date":"2017-01-30T00:28:34","date_gmt":"2017-01-30T05:28:34","guid":{"rendered":"https:\/\/e-lexia.com\/blog\/?p=1373"},"modified":"2024-11-01T11:39:09","modified_gmt":"2024-11-01T16:39:09","slug":"convocatoria-de-trabajo-para-macgyver","status":"publish","type":"post","link":"https:\/\/e-lexia.com\/blog\/convocatoria-de-trabajo-para-macgyver\/","title":{"rendered":"Convocatoria de trabajo para MacGyver"},"content":{"rendered":"<p>Hace m\u00e1s de diez a\u00f1os culmin\u00e9 mis primeros estudios universitarios. Seg\u00fan el t\u00edtulo, soy Comunicador Social &#8211; Periodista.<\/p>\n<p>S\u00ed, soy de esa extra\u00f1a especie de profesionales de la comunicaci\u00f3n que no volvieron a ser fruto de la academia antioque\u00f1a de fin de siglo. Y no quiero que esto suene a rechazo con los programas nuevos\u2026 solo fueron tiempos y miradas diferentes.<\/p>\n<p>Recuerdo que durante la ceremonia de grados uno de mis compa\u00f1eros me pregunt\u00f3: \u201c\u00bfJuan, qu\u00e9 vas a hacer? \u00bfYa tienes trabajo?\u201d. Afortunadamente ya estaba en marcha mi proyecto empresarial: <a href=\"http:\/\/www.e-lexia.com\" target=\"_blank\" rel=\"noopener noreferrer\">e-Lexia<\/a>, pero no era una garant\u00eda de estabilidad salarial.<\/p>\n<p><!-- Google Adsense --><\/p>\n<div class=\"adsense\">\n  <script async src=\"https:\/\/pagead2.googlesyndication.com\/pagead\/js\/adsbygoogle.js?client=ca-pub-7923590131153633\" crossorigin=\"anonymous\"><\/script><br \/>\n  <ins class=\"adsbygoogle\" style=\"display:block; text-align:center;\" data-ad-layout=\"in-article\" data-ad-format=\"fluid\" data-ad-client=\"ca-pub-7923590131153633\" data-ad-slot=\"5345374831\"><\/ins><br \/>\n  <script>(adsbygoogle = window.adsbygoogle || []).push({});<\/script>\n<\/div>\n<h2>Mi primer salario<\/h2>\n<p>Gracias a mi participaci\u00f3n en un proyecto de periodismo digital universitario, mi pr\u00e1ctica profesional y mis proyectos con e-Lexia, mi diploma de comunicador vino acompa\u00f1ado de una invitaci\u00f3n para ser docente en comunicaci\u00f3n digital.<\/p>\n<p>Sin dudarlo, acept\u00e9 el trabajo y me convert\u00ed en profesor de c\u00e1tedra de una de las universidades m\u00e1s prestigiosas de Colombia. Combin\u00e9 mi trabajo como gerente con la c\u00e1tedra universitaria. Era muy feliz.<\/p>\n<p>El primer recibo de n\u00f3mina lleg\u00f3 en el tiempo que hab\u00eda sido indicado (la universidad siempre fue un buen patr\u00f3n). Cuando not\u00e9 la suma del pago me sent\u00ed a total gusto y no prest\u00e9 atenci\u00f3n al detalle. Casi nunca lo hice, para ser preciso.<\/p>\n<p>Semestres m\u00e1s tarde, por curiosidad de unos alumnos, me di a la tarea de conocer cu\u00e1nto y por qu\u00e9 ganaba esa cantidad de dinero.<\/p>\n<h2>\u00bfProfe, a usted cu\u00e1nto le pagan por dar clase?<\/h2>\n<p>En mi empresa sab\u00eda cu\u00e1nto y por qu\u00e9 era mi salario. Yo era quien tomaba la decisi\u00f3n. Pero en la universidad no ten\u00eda conocimiento. Y aunque estaba c\u00f3modo con la propuesta econ\u00f3mica, me surgi\u00f3 la duda luego de una conversaci\u00f3n con mis alumnos sobre \u201cc\u00f3mo valorar un proyecto web\u201d.<\/p>\n<p>En e-Lexia sab\u00eda c\u00f3mo cuantificar y rentabilizar un proyecto. Sab\u00eda cu\u00e1ntos empleados y cu\u00e1ntas horas\/hombre necesitaba. Ten\u00eda claro mi margen de ganancia. Era sumar. Pero en la universidad, ni idea.<\/p>\n<p>Pregunt\u00e9 a la Facultad y comprend\u00ed que mi salario estaba alineado con mi formaci\u00f3n profesional. Si mal no recuerdo, para ese momento, estar\u00eda ganando unos siete d\u00f3lares por hora.<\/p>\n<p class=\"nota\">(Nota: estos c\u00e1lculos est\u00e1n con un d\u00f3lar americano por debajo a los dos mil pesos colombianos.)<\/p>\n<p>El contrato era semestral. Inclu\u00eda las prestaciones sociales y -si mal no estoy- subsidio de transporte. Insisto, no prest\u00e9 atenci\u00f3n al pago. Fueron nueve a\u00f1os donde -incluso- pasaba meses sin firmar un contrato. \u00a1Tantas veces que me rega\u00f1\u00f3 la secretar\u00eda de la Facultad por este tema!<\/p>\n<h2>\u00bfD\u00f3nde se puede ganar m\u00e1s?<\/h2>\n<p>Con el paso del tiempo fui entendiendo que en la vida laboral mientras m\u00e1s experiencia y formaci\u00f3n se obtenga, mayor aspiraci\u00f3n salarial se puede tener. As\u00ed, si alcanzaba un posgrado de un a\u00f1o, podr\u00eda subir un 50% del valor base. Con Maestr\u00eda, duplicarlo. Y doctorado, pues mucho m\u00e1s.<\/p>\n<p>Tambi\u00e9n aprend\u00ed que las universidades colombianas no tienen un valor regulado por hora c\u00e1tedra. En una universidad privada podr\u00eda ganar hasta tres veces m\u00e1s que en una p\u00fablica.<\/p>\n<p>Luego conoc\u00ed el sector gubernamental y supe que la hora pod\u00eda ser hasta tres veces mayor que en la universidad p\u00fablica. Y la cifra se quintuplicaba si trabaja directamente en la capital.<\/p>\n<p>No entend\u00eda esa fluctuaci\u00f3n salarial. En mi empresa todo estaba definido: tanto por esto, tanto por aquello y tanto por esto otro. No es como sucede en las tiendas Juan Valdez, donde el mismo \u2018Caf\u00e9 Campesino\u2019 var\u00eda su valor de acuerdo a la tienda. (\u00bfEn serio?).<\/p>\n<p>Me di a la idea que esa confusi\u00f3n se deb\u00eda a mi inmadurez laboral. Nada que hacer. Plante\u00e9 dos modelos financieros: uno para mi empresa y otro para el resto del mundo.<\/p>\n<h2>Mi \u00e9poca de empleado<\/h2>\n<p>Despu\u00e9s de ocho a\u00f1os de intenso trabajo decid\u00ed dar una pausa a mi proyecto empresarial y conocer, de tiempo completo, el mundo del empleado. Decid\u00ed tener jefe las 24 horas del d\u00eda.<\/p>\n<p>Mi primer intento de buscar trabajo termin\u00f3 en dos entrevistas: dos universidades, ambas privadas. La una con un enfoque social; la otra, empresarial. Ambas promet\u00edan un buen trabajo. Con ambas ten\u00eda afinidad.<\/p>\n<p>\u00bfCon cu\u00e1l me qued\u00e9? Con la que pagaban m\u00e1s.<\/p>\n<p>Para seguir dando cifras e ir identificando qu\u00e9 pasa con las convocatorias de hoy, mi salario de ese momento sum\u00f3 mil d\u00f3lares mensuales (aproximo, para hacer m\u00e1s f\u00e1cil las cosas).<\/p>\n<p>Cuando termin\u00e9 aquel primer proceso me present\u00e9 a una nueva convocatoria. Para aquel momento ya ten\u00eda un primer posgrado. El salario, los mismos mil d\u00f3lares mensuales, pero la dedicaci\u00f3n era medio tiempo. \u00bfSabes d\u00f3nde estaba? S\u00ed, en el sector gubernamental.<\/p>\n<p>Cuando termin\u00e9 el proceso, volv\u00ed a buscar trabajo y llegu\u00e9 a otra instituci\u00f3n educativa. El salario: setecientos cincuenta d\u00f3lares. Tambi\u00e9n medio tiempo.<\/p>\n<p>Por ires y venires, termin\u00e9 en otra instituci\u00f3n, con un salario de mil trescientos d\u00f3lares. Tiempo completo.<\/p>\n<p><!-- ASESOR COMUNICATIVO --><\/p>\n<div class=\"destacado-asesor\">\n<div class=\"destacado-asesor__imagen\">\n    <a href=\"https:\/\/e-lexia.com\/contacto.html\"><br \/>\n      <img decoding=\"async\" src=\"https:\/\/e-lexia.com\/blog\/wp-content\/uploads\/2023\/01\/asesor-comunicativo-juancadotcom.png\" alt=\"Juan Carlos Morales S., asesor en comunicaci\u00f3n digital\"><br \/>\n    <\/a>\n   <\/div>\n<div class=\"destacado-asesor__desc\">\n<h2><a href=\"https:\/\/e-lexia.com\/contacto.html\">\u00bfNecesitas asesor\u00eda en comunicaci\u00f3n digital?<\/a><\/h2>\n<p>Dise\u00f1a y optimiza tus proyectos en comunicaci\u00f3n digital, entregando una mejor experiencia a tus usuarios y potenciando el valor de tu marca.<br \/>\n      <a class=\"cta-asesor\" href=\"https:\/\/e-lexia.com\/contacto.html\">Conversemos<\/a>\n     <\/p>\n<\/p><\/div>\n<\/div>\n<h2>Lo que aprend\u00ed como empleado<\/h2>\n<p>En general, identifiqu\u00e9 que el salario promedio -gracias a mi formaci\u00f3n y experiencia- estaba en mil d\u00f3lares mensuales. Estaba bien para m\u00ed.<\/p>\n<p>En esa \u00e9poca tambi\u00e9n comprend\u00ed que ten\u00eda que cumplir un horario, seguir las instrucciones de un jefe, presentar informes sobre mi quehacer y un sinn\u00famero de actividades propias de un empleado. No ten\u00eda problema con ello.<\/p>\n<p>Pero lo grato era que en todos los trabajos ten\u00eda algo claro: era comunicador. S\u00ed, en algunos casos me tocaba hacer algo de dise\u00f1ador, en otros d\u00e1rmelas de ingeniero&#8230; pero era comunicador.<\/p>\n<p>En esa \u00e9poca todo era coherente. Las empresas requer\u00edan a un profesional X (con un salario A). El profesional X ten\u00eda apoyo de los profesionales Y y Z.<\/p>\n<h2>El camino al desempleo<\/h2>\n<p>En un momento de mi vida decid\u00ed tomar un descanso laboral y dedicarme a estudiar. Termin\u00e9 dos posgrados m\u00e1s y afin\u00e9 mi competencia en un segundo idioma. Quer\u00eda fortalecerme profesionalmente y aspirar a algo m\u00e1s ambicioso.<\/p>\n<p>Luego de unos a\u00f1os volv\u00ed al ruedo. Me registr\u00e9 en varios portales laborales, actualic\u00e9 mi hoja de vida y anot\u00e9 una aspiraci\u00f3n salarial.<\/p>\n<p>\u00bfResultados? No aplicaba a nada.<\/p>\n<p>De un momento a otro las empresas estaban requiriendo solo practicantes o reci\u00e9n egresados (yo ya hab\u00eda dejado la universidad hace mucho tiempo).<\/p>\n<p>De otra parte, las convocatorias dirigidas a profesionales eran estrictas en buscar solo profesionales, es decir, si el candidato ten\u00eda una maestr\u00eda no sumaba puntos sino que restaba (\u00bfen serio?).<\/p>\n<p>Y las que apostaban por candidatos de alta formaci\u00f3n eran tan escasas que la posibilidad de ganar una loter\u00eda era mayor a la de obtener el puesto.<\/p>\n<p>Al parecer, mientras m\u00e1s estudios alcanzaba, m\u00e1s cerca al desempleo me encontraba.<\/p>\n<p><img loading=\"lazy\" decoding=\"async\" width=\"600\" height=\"439\" class=\"size-full wp-image-1375 imagen-contenido\" src=\"https:\/\/e-lexia.com\/blog\/wp-content\/uploads\/2017\/01\/carrera-al-desempleo.jpg\" alt=\"La carrera al desempleo: licenciatura, maestria, doctorado y desempleo\" srcset=\"https:\/\/e-lexia.com\/blog\/wp-content\/uploads\/2017\/01\/carrera-al-desempleo.jpg 600w, https:\/\/e-lexia.com\/blog\/wp-content\/uploads\/2017\/01\/carrera-al-desempleo-300x220.jpg 300w\" sizes=\"auto, (max-width: 600px) 100vw, 600px\" \/><\/p>\n<p>Ante tal panorama decid\u00ed ocultar mis t\u00edtulos.<\/p>\n<h2>Necesitamos un X, Y y Z<\/h2>\n<p>Entendiendo la din\u00e1mica del mercado, me volv\u00ed un \u201cprofesional raso\u201d. Solo soy un comunicador. Cre\u00ed que ten\u00eda todo solucionado: un t\u00edtulo profesional, una experiencia de varios a\u00f1os y un desinter\u00e9s por el salario (siempre me ha acompa\u00f1ado esa caracter\u00edstica).<\/p>\n<p>Volv\u00ed a los portales de empleos, actualic\u00e9 mi hoja de vida y afin\u00e9 los criterios de b\u00fasqueda. Pero, nuevamente, no aplicaba.<\/p>\n<p>Las convocatorias de entidades p\u00fablicas y privadas estaban buscando profesionales \u201cMacGyver\u201d, es decir, personas que resuelven TODOS los problemas utilizando su inteligencia superior y sus amplios conocimientos t\u00e9cnicos (as\u00ed define Wikipedia a este personaje).<\/p>\n<p>Y no es que est\u00e9 en contra de MacGyver, pues un profesional debe solucionar los problemas. Pero una cosa es la \u201cCarta a Garc\u00eda\u201d y otra el personaje de la serie norteamericana.<\/p>\n<p>Perm\u00edtame me explico:<\/p>\n<p>La Carta a Garc\u00eda, r\u00e1pidamente, hace referencia a realizar una tarea sin mayores preguntas. Y para eso est\u00e1n los profesionales, para realizar un proyecto de manera inteligente, estrat\u00e9gica y aut\u00f3noma sin mayores complicaciones. De ah\u00ed que los profesionales universitario est\u00e9n orientados a la gerencia del conocimiento.<\/p>\n<p>Pero, el se\u00f1or MacGyver es un aventurero, emp\u00edrico y s\u00faper-humano que est\u00e1 dotado de una habilidad sobrenatural para resolver cualquier problema. Entonces MacGyver es capaz de arreglar una estufa, operar un helic\u00f3ptero y dise\u00f1ar una campa\u00f1a en Facebook. \u00a1Aj\u00e1!<\/p>\n<p>Las empresas de hoy en d\u00eda estaban buscando un profesional que hiciera las tareas de X, Y y Z.<\/p>\n<p>Y la situaci\u00f3n se tornaba m\u00e1s oscura cuando identificaba el salario: 400 d\u00f3lares, cuando mucho.<\/p>\n<h2>H\u00e1gale y mire qu\u00e9 pasa<\/h2>\n<p>Ante tal incertidumbre busqu\u00e9 una orientaci\u00f3n en amigos y familiares. Ten\u00eda que entender qu\u00e9 estaba pasando con las empresas colombianas. e-Lexia no era as\u00ed. Que en momentos necesitaba un MacGyver: s\u00ed, lo acepto. Pero no era un requisito. Y, adem\u00e1s, en mi empresa se formaba a los empleados.<\/p>\n<p>Luego de conocer experiencias entend\u00ed que hab\u00eda que \u201clanzarme al ruedo\u201d: mandar la hoja de vida, ir a la entrevista y ver qu\u00e9 pasa. Como dicta un refr\u00e1n: el peor mandado es el que no se hace.<\/p>\n<p>Para mi sorpresa, empez\u00f3 a sonar el tel\u00e9fono (no la cantidad de veces que quer\u00eda, pero sonaba). En algunos procesos sent\u00eda que desde la entrada a la empresa me descalificaban. Pero en otros lugares lograba avanzar hasta la entrevista final.<\/p>\n<p>Algunos trabajos los obtuve. Otros no.<\/p>\n<p>Hoy, estoy casi seguro que las empresas que buscan a personajes superdotados presentan debilidad en sus procesos t\u00e9cnicos, estrat\u00e9gicos y financieros.<\/p>\n<ul>\n<li>T\u00e9cnicos, porque omiten (sacrifican) la presencia de un profesional en flujo de trabajo que as\u00ed lo exige.<\/li>\n<li>Estrat\u00e9gico, porque no dise\u00f1an ni aplica una pol\u00edtica de calidad.<\/li>\n<li>Financiero, porque consideran la disminuci\u00f3n de la n\u00f3mina como una inversi\u00f3n.<\/li>\n<\/ul>\n<h2>Que los hay, los hay<\/h2>\n<p>\u00bfQue si hay MacGyver en Medell\u00edn? S\u00ed, los hay. Y a veces pienso que yo soy uno de ellos. Pero creo que las empresas no necesitan este tipo de personajes.<\/p>\n<p>Firmemente, considero que las organizaciones -sean p\u00fablicas o privadas, gubernamentales o no- requieren personas expertas en un \u00e1rea, con habilidades del trabajo en equipo (y esto incluye el respeto y humildad por el conocimiento del otro) y con un enorme deseo por desaprender y aprender.<\/p>\n<p>S\u00ed, estoy de acuerdo con que los profesionales de hoy deben ser m\u00e1s capaces, con mayor conocimiento y m\u00e1s competentes\u2026 pero no hay que exagerar.<\/p>\n<blockquote><p>No le metamos m\u00e1s frutas al salpic\u00f3n que ya con el banano, la pi\u00f1a, la papaya, el mango, las uvas y la sand\u00eda es suficiente.<\/p><\/blockquote>\n<p class=\"nota\">Nota: Por cierto, no quise seguir escribiendo sobre los salarios, pues la conclusi\u00f3n hubiera terminado en una matr\u00edcula para estudiar actuaci\u00f3n, un tiquete a los Estados Unidos y una solicitud para protagonizar una \u2018re-make\u2019 de una serie ochentera.<\/p>\n<h2>La excepci\u00f3n<\/h2>\n<p>Quiero hacer la claridad que esta situaci\u00f3n no sucede con todas las empresas de la ciudad y el pa\u00eds. Hay muchas empresas que ofrecen muy buenas opciones laborales: salario m\u00e1s que digno, coherencia entre las funciones y el cargo, oportuna proyecci\u00f3n profesional, entre otros.<\/p>\n<p>Escribo este texto para representar algunas situaciones puntuales. Es una v\u00e1lvula de escape que necesitaba abrir, especialmente cuando encuentro convocatorias de trabajo que \u201cme sacan el aire\u201d.<\/p>\n<p>Incluso, hace unas horas envi\u00e9 mi hoja de vida a una empresa. El cargo al que aspiro: Coordinador e-Learning. Las funciones: coherentes. El salario: est\u00e1 bien, no me quejo.<\/p>\n<p>Por cierto, y antes de irme, si usted es un posible empleador y tiene una buena oferta laboral, ll\u00e1meme. Soy una buena opci\u00f3n.<\/p>\n","protected":false},"excerpt":{"rendered":"<p>Hace m\u00e1s de diez a\u00f1os culmin\u00e9 mis primeros estudios universitarios. Seg\u00fan el t\u00edtulo, soy Comunicador Social &#8211; Periodista. S\u00ed, soy de esa extra\u00f1a especie de profesionales de la comunicaci\u00f3n que no volvieron a ser fruto de la academia antioque\u00f1a de fin de siglo. Y no quiero que esto suene a&hellip;<\/p>\n","protected":false},"author":1,"featured_media":1721,"comment_status":"open","ping_status":"closed","sticky":false,"template":"","format":"standard","meta":{"footnotes":""},"categories":[5],"tags":[10,58],"class_list":["post-1373","post","type-post","status-publish","format-standard","has-post-thumbnail","hentry","category-emprendimiento","tag-critica","tag-politicas","has-post-thumbnail-archive"],"aioseo_notices":[],"_links":{"self":[{"href":"https:\/\/e-lexia.com\/blog\/wp-json\/wp\/v2\/posts\/1373","targetHints":{"allow":["GET"]}}],"collection":[{"href":"https:\/\/e-lexia.com\/blog\/wp-json\/wp\/v2\/posts"}],"about":[{"href":"https:\/\/e-lexia.com\/blog\/wp-json\/wp\/v2\/types\/post"}],"author":[{"embeddable":true,"href":"https:\/\/e-lexia.com\/blog\/wp-json\/wp\/v2\/users\/1"}],"replies":[{"embeddable":true,"href":"https:\/\/e-lexia.com\/blog\/wp-json\/wp\/v2\/comments?post=1373"}],"version-history":[{"count":0,"href":"https:\/\/e-lexia.com\/blog\/wp-json\/wp\/v2\/posts\/1373\/revisions"}],"wp:featuredmedia":[{"embeddable":true,"href":"https:\/\/e-lexia.com\/blog\/wp-json\/wp\/v2\/media\/1721"}],"wp:attachment":[{"href":"https:\/\/e-lexia.com\/blog\/wp-json\/wp\/v2\/media?parent=1373"}],"wp:term":[{"taxonomy":"category","embeddable":true,"href":"https:\/\/e-lexia.com\/blog\/wp-json\/wp\/v2\/categories?post=1373"},{"taxonomy":"post_tag","embeddable":true,"href":"https:\/\/e-lexia.com\/blog\/wp-json\/wp\/v2\/tags?post=1373"}],"curies":[{"name":"wp","href":"https:\/\/api.w.org\/{rel}","templated":true}]}}